{"id":159,"date":"2024-04-16T17:27:45","date_gmt":"2024-04-16T15:27:45","guid":{"rendered":"http:\/\/kravmagautti.fi\/site\/?p=159"},"modified":"2024-08-06T19:11:32","modified_gmt":"2024-08-06T17:11:32","slug":"utti-24-elokuussa","status":"publish","type":"post","link":"http:\/\/kravmagautti.fi\/site\/utti-24-elokuussa\/","title":{"rendered":"Utti 24 elokuussa!"},"content":{"rendered":"\n<figure class=\"wp-block-image size-full\"><img loading=\"lazy\" decoding=\"async\" width=\"799\" height=\"340\" src=\"http:\/\/kravmagautti.fi\/site\/wp-content\/uploads\/2024\/04\/Kesaleiri2024.jpg\" alt=\"\" class=\"wp-image-161\" srcset=\"http:\/\/kravmagautti.fi\/site\/wp-content\/uploads\/2024\/04\/Kesaleiri2024.jpg 799w, http:\/\/kravmagautti.fi\/site\/wp-content\/uploads\/2024\/04\/Kesaleiri2024-300x128.jpg 300w, http:\/\/kravmagautti.fi\/site\/wp-content\/uploads\/2024\/04\/Kesaleiri2024-768x327.jpg 768w, http:\/\/kravmagautti.fi\/site\/wp-content\/uploads\/2024\/04\/Kesaleiri2024-141x60.jpg 141w\" sizes=\"auto, (max-width: 799px) 100vw, 799px\" \/><\/figure>\n\n\n\n<p>Krav Maga Utti ry j\u00e4rjest\u00e4\u00e4 perinteisen kes\u00e4leirin 23-25.8.2024 Valkealassa Puhjonrannan kurssikeskuksessa, Puhjonrannantie 80, 45370 Valkeala. Kyseess\u00e4 on reipasluontoinen itsepuolustus- ja kamppailutapahtuma kaikille t\u00e4ysi-ik\u00e4isille, jotka ovat kiinnostuneita suoraviivaisesta ja toiminnallisesta treenaamisesta. Leiri alkaa perjantaina 23.8.2024 klo 18 ja p\u00e4\u00e4ttyy 24h my\u00f6hemmin lauantaina 24.8.2024 klo 18. Tapahtuman p\u00e4\u00e4teemoja ovat lyhyen et\u00e4isyyden (Zero distance) aseelliset ja aseettomat uhat eri ymp\u00e4rist\u00f6iss\u00e4.<\/p>\n\n\n\n<p>Harjoitusaikataulu perjantaina<\/p>\n\n\n\n<ul class=\"wp-block-list\">\n<li>17.00 &#8211; 17.45 Ilmoittautuminen <\/li>\n\n\n\n<li>18.00 &#8211; 22.00 Iltatreeni<\/li>\n<\/ul>\n\n\n\n<p>Harjoitusaikataulu lauantaina<\/p>\n\n\n\n<ul class=\"wp-block-list\">\n<li>9.00 &#8211; 12.30 Harjoitus <\/li>\n\n\n\n<li>12.30 &#8211; 14.00 Lounas <\/li>\n\n\n\n<li>14.00 &#8211; 18.00 Harjoitus<\/li>\n<\/ul>\n\n\n\n<p>Harjoitellaan p\u00e4\u00e4s\u00e4\u00e4nt\u00f6isesti ulkona, joten mukaan s\u00e4\u00e4n mukainen ulkoharjoitteluvarustus + suojat (ala, hammas, hanskat, s\u00e4\u00e4ri ym.) + uimavarustus. Tapahtumaan kuuluu yhteinen illanvietto alueella lauantaina klo 18 alkaen.<\/p>\n\n\n\n<p>Harjoitusmaksu<\/p>\n\n\n\n<ul class=\"wp-block-list\">\n<li>2 p\u00e4iv\u00e4\u00e4 120\u20ac <\/li>\n\n\n\n<li>1 p\u00e4iv\u00e4 90\u20ac<\/li>\n<\/ul>\n\n\n\n<p>Leiripaita 30\u20ac.<\/p>\n\n\n\n<p><strong>Ilmoittautuminen<\/strong><\/p>\n\n\n\n<p>Ilmoittautuminen viestill\u00e4 osoitteeseen info@kravmagautti.fi. Viestist\u00e4 tulee ilmet\u00e4 osallistujan nimi ja osallistuminen 1 tai 2 pv. Jos haluat tilata leiripaidan niin ilmoita se + paidan koko viestiss\u00e4.<br>Maksa osallistumisesi tilille: FI72 1579 3000 1108 77, viestiksi oma nimi ja &#8221;kes\u00e4leiri 2024&#8221;<\/p>\n","protected":false},"excerpt":{"rendered":"<p>Krav Maga Utti ry j\u00e4rjest\u00e4\u00e4 perinteisen kes\u00e4leirin 23-25.8.2024 Valkealassa Puhjonrannan kurssikeskuksessa, Puhjonrannantie 80, 45370 Valkeala. Kyseess\u00e4 on reipasluontoinen itsepuolustus- ja kamppailutapahtuma kaikille t\u00e4ysi-ik\u00e4isille, jotka ovat kiinnostuneita suoraviivaisesta ja toiminnallisesta treenaamisesta. Leiri alkaa perjantaina 23.8.2024 klo 18 ja p\u00e4\u00e4ttyy 24h my\u00f6hemmin lauantaina 24.8.2024 klo 18. Tapahtuman p\u00e4\u00e4teemoja ovat lyhyen et\u00e4isyyden (Zero distance) aseelliset ja aseettomat uhat &hellip; <\/p>\n","protected":false},"author":2,"featured_media":0,"comment_status":"closed","ping_status":"closed","sticky":false,"template":"","format":"standard","meta":{"footnotes":""},"categories":[1],"tags":[],"class_list":["post-159","post","type-post","status-publish","format-standard","hentry","category-uncategorized","grid-sizer"],"_links":{"self":[{"href":"http:\/\/kravmagautti.fi\/site\/wp-json\/wp\/v2\/posts\/159","targetHints":{"allow":["GET"]}}],"collection":[{"href":"http:\/\/kravmagautti.fi\/site\/wp-json\/wp\/v2\/posts"}],"about":[{"href":"http:\/\/kravmagautti.fi\/site\/wp-json\/wp\/v2\/types\/post"}],"author":[{"embeddable":true,"href":"http:\/\/kravmagautti.fi\/site\/wp-json\/wp\/v2\/users\/2"}],"replies":[{"embeddable":true,"href":"http:\/\/kravmagautti.fi\/site\/wp-json\/wp\/v2\/comments?post=159"}],"version-history":[{"count":4,"href":"http:\/\/kravmagautti.fi\/site\/wp-json\/wp\/v2\/posts\/159\/revisions"}],"predecessor-version":[{"id":174,"href":"http:\/\/kravmagautti.fi\/site\/wp-json\/wp\/v2\/posts\/159\/revisions\/174"}],"wp:attachment":[{"href":"http:\/\/kravmagautti.fi\/site\/wp-json\/wp\/v2\/media?parent=159"}],"wp:term":[{"taxonomy":"category","embeddable":true,"href":"http:\/\/kravmagautti.fi\/site\/wp-json\/wp\/v2\/categories?post=159"},{"taxonomy":"post_tag","embeddable":true,"href":"http:\/\/kravmagautti.fi\/site\/wp-json\/wp\/v2\/tags?post=159"}],"curies":[{"name":"wp","href":"https:\/\/api.w.org\/{rel}","templated":true}]}}